{"id":10037,"date":"2023-05-31T09:19:30","date_gmt":"2023-05-31T08:19:30","guid":{"rendered":"https:\/\/djabe.hu\/?p=10037"},"modified":"2023-05-31T09:22:10","modified_gmt":"2023-05-31T08:22:10","slug":"djabe-art-in-tone-lemezbemutato-az-audiophile-szalonban-2023-junius-7","status":"publish","type":"post","link":"https:\/\/djabe.hu\/en\/djabe-art-in-tone-lemezbemutato-az-audiophile-szalonban-2023-junius-7\/","title":{"rendered":"Djabe &#8211; Art In Tone lemezbemutat\u00f3 az Audiophile Szalonban  2023. j\u00fanius 7."},"content":{"rendered":"<div class=\"wpb-content-wrapper\"><p>[vc_row full_width=&#8221;stretch_row_content_no_spaces&#8221; content_placement=&#8221;middle&#8221; css=&#8221;.vc_custom_1636127896494{background-color: rgba(0,0,0,0.65) !important;*background-color: rgb(0,0,0) !important;}&#8221;][vc_column width=&#8221;1\/6&#8243; offset=&#8221;vc_hidden-xs&#8221;][\/vc_column][vc_column width=&#8221;2\/3&#8243;][vc_empty_space height=&#8221;30&#8243;][vc_column_text css_animation=&#8221;left-to-right&#8221;]<\/p>\n<h1 style=\"text-align: center;\"><strong>Lemezbemutat\u00f3 el\u0151ad\u00e1sok id\u0151pontjai <\/strong><br \/>\n<strong>10:30, 12:00, 14:30, 16:30<\/strong><br \/>\n<strong>1202 Budapest, M\u00e1rt\u00edrok \u00fatja 145.<\/strong><\/h1>\n<h3>A direkt v\u00e1gott, teljesen anal\u00f3g felv\u00e9teleket \u00c9gerh\u00e1zi Attila, a Djabe zenekar vezet\u0151je mutatja be az Audiophile Szalon cs\u00facsmin\u0151s\u00e9g\u0171 High-End rendszer\u00e9n. Sz\u00f3 lesz a felv\u00e9teli k\u00f6r\u00fclm\u00e9nyekr\u0151l, a r\u00f6gz\u00edt\u00e9si folyamatr\u00f3l \u00e9s a gy\u00e1rt\u00e1sr\u00f3l is.<br \/>\nA technikai h\u00e1tt\u00e9rr\u0151l \u00e9s a hangm\u00e9rn\u00f6ki feladatokr\u00f3l Barab\u00e1s Tam\u00e1s tart el\u0151ad\u00e1st. A nemzetk\u00f6zi szinten is elismert producer p\u00e1ros a bemutat\u00f3k sor\u00e1n \u00f6r\u00f6mmel v\u00e1laszol a felmer\u00fcl\u0151 k\u00e9rd\u00e9sekre.<br \/>\nAz albumot \u00e9s a mesterszalag m\u00e1solatokat a helysz\u00ednen meg lehet v\u00e1s\u00e1rolni \u00e9s dedik\u00e1ltatni is lehet.<\/h3>\n<h3 style=\"text-align: center;\"><strong>Az el\u0151ad\u00e1sokon val\u00f3 r\u00e9szv\u00e9tel ingyenes, de jelentkezni kell r\u00e1, a bemutat\u00f3 terem befogad\u00f3 k\u00e9pess\u00e9ge miatt.<br \/>\nRegisztr\u00e1ci\u00f3 a <a style=\"color: #00ccff;\" href=\"mailto:djabe@djabe.com\">djabe@djabe.com<\/a> email c\u00edmen \u00c9gerh\u00e1zi Attil\u00e1n\u00e1l.<\/strong><\/h3>\n<p>[\/vc_column_text][vc_empty_space height=&#8221;20&#8243;][vc_video link=&#8221;http:\/\/youtu.be\/3DyWK8DSo_c&#8221; title=&#8221;A koncert kiadv\u00e1ny aj\u00e1nl\u00f3ja:&#8221;][vc_empty_space height=&#8221;20&#8243;][vc_column_text css_animation=&#8221;left-to-right&#8221;]<\/p>\n<h3 style=\"text-align: center;\"><strong>Djabe: Art In Tone 3LP-box + aj\u00e1nd\u00e9k DVD (24\/96)<\/strong><\/h3>\n<div>\n<h3 style=\"text-align: center;\"><strong>Direct-to-disc 45 RPM, teljesen anal\u00f3g lemezfelv\u00e9tel<\/strong><br \/>\n<strong>GR-164-1, GR1993 Records, Quality Vinyl Projects<\/strong><\/h3>\n<p style=\"text-align: left;\">2022 okt\u00f3ber\u00e9ben a Djabe zenekar a hollandiai Record Industry lemezgy\u00e1r ARTONE st\u00fadi\u00f3j\u00e1ban k\u00fcl\u00f6nleges lemezfelv\u00e9telt k\u00e9sz\u00edtett. A zenekar egyb\u0151l lemezre vettel fel a dupla album 4 oldal\u00e1t. A r\u00f6gz\u00edt\u00e9s a Direct Metal Mastering v\u00e1g\u00f3g\u00e9pen t\u00f6rt\u00e9nt, kiz\u00e1r\u00f3lag cs\u00facsmin\u0151s\u00e9g\u0171 anal\u00f3g berendez\u00e9seken.<br \/>\nA zenekar ismert felv\u00e9teleinek, vinyl lemezeinek kiv\u00e1l\u00f3 hangz\u00e1s\u00e1r\u00f3l. T\u00f6bb lemez\u00fcket is r\u00f6gz\u00edtett\u00e9k anal\u00f3g technik\u00e1val, illetve mindig anal\u00f3g mesterszalagr\u00f3l v\u00e1gj\u00e1k a lemezeiket, de direktben lemezre m\u00e9g nem r\u00f6gz\u00edtett\u00e9k egyetlen albumukat sem.<br \/>\nAz ARTONE st\u00fadi\u00f3 cs\u00facsmin\u0151s\u00e9g\u0171 technik\u00e1j\u00e1nak \u00e9s a st\u00fadi\u00f3 munkat\u00e1rsai felk\u00e9sz\u00fclts\u00e9g\u00e9nek k\u00f6sz\u00f6nhet\u0151en az eredm\u00e9ny egyed\u00fcl\u00e1ll\u00f3 a zenekar t\u00f6rt\u00e9net\u00e9ben. A lemezek olyan fokon adj\u00e1k vissza az anal\u00f3g hangz\u00e1st, ami nemzetk\u00f6zi viszonylatban is kiemelked\u0151.<br \/>\nBarab\u00e1s Tam\u00e1s, a zenekar hangm\u00e9rn\u00f6ke \u00e9s basszusgit\u00e1rosa szorosan egy\u00fctt dolgozott a st\u00fadi\u00f3 szakembereivel a Rinus Hooning \u00e9s Martijn Schouten m\u00e9rn\u00f6k\u00f6kkel a felv\u00e9tel sor\u00e1n.<\/p>\n<p>A direct-to-disc lemezfelv\u00e9tel az Audiophile Szalon anyagi \u00e9s szakmai t\u00e1mogat\u00e1s\u00e1val val\u00f3sult meg.<br \/>\nA 3 lemezes box \u00e9rdekess\u00e9ge, hogy a harmadik LP felv\u00e9telei 2019-ben a budapesti Hi-Fi Show alkalm\u00e1val k\u00e9sz\u00fcltek, ahol a Djabe zenekar \u00e9s az Audiophile Szalon k\u00f6z\u00f6s bemutat\u00f3 term\u00e9ben a zenekar \u00e9l\u0151ben j\u00e1tszott a Sonus Faber hangfalak \u00e9s McIntosh er\u0151s\u00edt\u0151k alkotta rendszeren. A k\u00fcl\u00f6nleges fell\u00e9p\u00e9sr\u0151l 24 s\u00e1vos anal\u00f3g felv\u00e9tel is k\u00e9sz\u00fclt, melynek legjobb pillanatait tartalmazza a Sound Still Life n\u00e9vre keresztelt, szint\u00e9n 45-\u00f6s fordulatsz\u00e1m\u00fa lemez.<\/p>\n<div><span style=\"color: #00ccff;\"><a style=\"color: #00ccff;\" href=\"https:\/\/www.youtube.com\/watch?v=SW-e8MVDTX4\" target=\"_blank\" rel=\"noopener\"><span lang=\"HU\">A projectr\u0151l k\u00e9sz\u00fclt dokumentumfilm itt n\u00e9zhet\u0151 meg.<\/span><\/a><\/span><\/div>\n<div><\/div>\n<div>\n<div><span style=\"color: #00ccff;\"><span lang=\"HU\" style=\"color: #00ccff;\"><a style=\"color: #00ccff;\" href=\"https:\/\/djabe.hu\/djabe-direct-to-disc-lemezfelvetel-a-hollandiai-artone-studioban\/\">\u00c9gerh\u00e1zi Attila cikke a felv\u00e9telr\u0151l itt olvashat\u00f3<\/a><\/span><\/span><\/div>\n<\/div>\n<\/div>\n<p>[\/vc_column_text][vc_empty_space height=&#8221;20&#8243;][vc_btn title=&#8221;A 3LP box tartalma&#8221; color=&#8221;primary&#8221; align=&#8221;center&#8221; i_icon_fontawesome=&#8221;fas fa-shopping-cart&#8221; css_animation=&#8221;left-to-right&#8221; add_icon=&#8221;true&#8221; link=&#8221;url:https%3A%2F%2Fdjabe.hu%2Fuzlet%2Fdjabe-art-in-tone-3lp-box-ajandek-dvd-24-96%2F&#8221;][vc_empty_space height=&#8221;20&#8243;][vc_btn title=&#8221;2 x SM900 mesterszalag m\u00e1solat tartalma&#8221; color=&#8221;primary&#8221; align=&#8221;center&#8221; i_icon_fontawesome=&#8221;fas fa-shopping-cart&#8221; css_animation=&#8221;left-to-right&#8221; add_icon=&#8221;true&#8221; link=&#8221;url:https%3A%2F%2Fdjabe.hu%2Fuzlet%2Fdjabe-art-in-tone-2-x-sm900%2F&#8221;][vc_empty_space height=&#8221;20&#8243;][vc_column_text css_animation=&#8221;left-to-right&#8221;]<\/p>\n<h3 style=\"text-align: left;\">A lemezen k\u00f6zrem\u0171k\u00f6d\u0151 el\u0151ad\u00f3k:<\/h3>\n<p style=\"text-align: left;\"><strong>Barab\u00e1s Tam\u00e1s<\/strong> basszusgit\u00e1r, hangm\u00e9rn\u00f6k<br \/>\n<strong>\u00c9gerh\u00e1zi Attila<\/strong> klasszikus \u00e9s elektromos git\u00e1r, \u00fct\u0151hangszerek<br \/>\n<strong>Ko\u00f3s-Hut\u00e1s \u00c1ron<\/strong> trombita, sz\u00e1rnyk\u00fcrt<br \/>\n<strong>Kasz\u00e1s P\u00e9ter<\/strong> dobok, \u00e9nek<br \/>\n<strong>Bubeny\u00e1k Zolt\u00e1n<\/strong> billenty\u0171s hangszerek<br \/>\n<strong>Steve Hackett<\/strong> el\u0151re r\u00f6gz\u00edtett elektromos git\u00e1r szalagr\u00f3l (D\/3)<\/p>\n<p>V\u00e1runk szeretettel a bemutat\u00f3n!<\/p>\n<p>[\/vc_column_text][vc_single_image image=&#8221;10039&#8243; img_size=&#8221;full&#8221; alignment=&#8221;center&#8221; css_animation=&#8221;left-to-right&#8221;][vc_empty_space height=&#8221;20&#8243;][\/vc_column][vc_column width=&#8221;1\/6&#8243;][\/vc_column][\/vc_row][vc_row full_width=&#8221;stretch_row_content_no_spaces&#8221;][vc_column][vc_empty_space height=&#8221;50&#8243;][\/vc_column][\/vc_row]<\/p>\n<\/div>","protected":false},"excerpt":{"rendered":"<p>[vc_row full_width=&#8221;stretch_row_content_no_spaces&#8221; content_placement=&#8221;middle&#8221; css=&#8221;.vc_custom_1636127896494{background-color: rgba(0,0,0,0.65) !important;*background-color: rgb(0,0,0) !important;}&#8221;][vc_column width=&#8221;1\/6&#8243; offset=&#8221;vc_hidden-xs&#8221;][\/vc_column][vc_column width=&#8221;2\/3&#8243;][vc_empty_space height=&#8221;30&#8243;][vc_column_text css_animation=&#8221;left-to-right&#8221;] Lemezbemutat\u00f3 el\u0151ad\u00e1sok id\u0151pontjai 10:30, 12:00, 14:30, 16:30<\/p>\n","protected":false},"author":2,"featured_media":10039,"comment_status":"closed","ping_status":"closed","sticky":false,"template":"","format":"standard","meta":{"_jetpack_memberships_contains_paid_content":false,"footnotes":""},"categories":[33,4],"tags":[],"class_list":["post-10037","post","type-post","status-publish","format-standard","has-post-thumbnail","hentry","category-recommendatory","category-news","repupress_customize_woocommerce_productom_class"],"yoast_head":"<!-- This site is optimized with the Yoast SEO plugin v27.4 - https:\/\/yoast.com\/product\/yoast-seo-wordpress\/ -->\n<title>Djabe - Art In Tone lemezbemutat\u00f3 az Audiophile Szalonban 2023. j\u00fanius 7. - Djabe<\/title>\n<meta name=\"robots\" content=\"index, follow, max-snippet:-1, max-image-preview:large, max-video-preview:-1\" \/>\n<link rel=\"canonical\" href=\"https:\/\/djabe.hu\/djabe-art-in-tone-lemezbemutato-az-audiophile-szalonban-2023-junius-7\/\" \/>\n<meta property=\"og:locale\" content=\"en_US\" \/>\n<meta property=\"og:type\" content=\"article\" \/>\n<meta property=\"og:title\" content=\"Djabe - Art In Tone lemezbemutat\u00f3 az Audiophile Szalonban 2023. j\u00fanius 7.\" \/>\n<meta property=\"og:description\" content=\"[vc_row full_width=&#8221;stretch_row_content_no_spaces&#8221; content_placement=&#8221;middle&#8221; css=&#8221;.vc_custom_1636127896494{background-color: rgba(0,0,0,0.65) !important;*background-color: rgb(0,0,0) !important;}&#8221;][vc_column width=&#8221;1\/6&#8243; offset=&#8221;vc_hidden-xs&#8221;][\/vc_column][vc_column width=&#8221;2\/3&#8243;][vc_empty_space height=&#8221;30&#8243;][vc_column_text css_animation=&#8221;left-to-right&#8221;] Lemezbemutat\u00f3 el\u0151ad\u00e1sok id\u0151pontjai 10:30, 12:00, 14:30, 16:30\" \/>\n<meta property=\"og:url\" content=\"https:\/\/djabe.hu\/djabe-art-in-tone-lemezbemutato-az-audiophile-szalonban-2023-junius-7\/\" \/>\n<meta property=\"og:site_name\" content=\"Djabe\" \/>\n<meta property=\"article:published_time\" content=\"2023-05-31T08:19:30+00:00\" \/>\n<meta property=\"article:modified_time\" content=\"2023-05-31T08:22:10+00:00\" \/>\n<meta property=\"og:image\" content=\"https:\/\/djabe.hu\/wp-content\/uploads\/2023\/05\/Audiophile-Szalon-lemezbemutato_POST-NEW.jpg\" \/>\n\t<meta property=\"og:image:width\" content=\"1200\" \/>\n\t<meta property=\"og:image:height\" content=\"1200\" \/>\n\t<meta property=\"og:image:type\" content=\"image\/jpeg\" \/>\n<meta name=\"author\" content=\"Zolt\u00e1n Kiss\" \/>\n<meta name=\"twitter:card\" content=\"summary_large_image\" \/>\n<meta name=\"twitter:title\" content=\"Djabe - Art In Tone lemezbemutat\u00f3 az Audiophile Szalonban 2023. j\u00fanius 7.\" \/>\n<meta name=\"twitter:image\" content=\"https:\/\/djabe.hu\/wp-content\/uploads\/2023\/05\/Audiophile-Szalon-lemezbemutato_POST-NEW.jpg\" \/>\n<meta name=\"twitter:label1\" content=\"Written by\" \/>\n\t<meta name=\"twitter:data1\" content=\"Zolt\u00e1n Kiss\" \/>\n\t<meta name=\"twitter:label2\" content=\"Est. reading time\" \/>\n\t<meta name=\"twitter:data2\" content=\"3 minutes\" \/>\n<script type=\"application\/ld+json\" class=\"yoast-schema-graph\">{\"@context\":\"https:\\\/\\\/schema.org\",\"@graph\":[{\"@type\":\"Article\",\"@id\":\"https:\\\/\\\/djabe.hu\\\/djabe-art-in-tone-lemezbemutato-az-audiophile-szalonban-2023-junius-7\\\/#article\",\"isPartOf\":{\"@id\":\"https:\\\/\\\/djabe.hu\\\/djabe-art-in-tone-lemezbemutato-az-audiophile-szalonban-2023-junius-7\\\/\"},\"author\":{\"name\":\"Zolt\u00e1n Kiss\",\"@id\":\"https:\\\/\\\/djabe.hu\\\/en\\\/#\\\/schema\\\/person\\\/aac056ee5c3fb7f3895d136b62ce10a0\"},\"headline\":\"Djabe &#8211; Art In Tone lemezbemutat\u00f3 az Audiophile Szalonban 2023. j\u00fanius 7.\",\"datePublished\":\"2023-05-31T08:19:30+00:00\",\"dateModified\":\"2023-05-31T08:22:10+00:00\",\"mainEntityOfPage\":{\"@id\":\"https:\\\/\\\/djabe.hu\\\/djabe-art-in-tone-lemezbemutato-az-audiophile-szalonban-2023-junius-7\\\/\"},\"wordCount\":1617,\"image\":{\"@id\":\"https:\\\/\\\/djabe.hu\\\/djabe-art-in-tone-lemezbemutato-az-audiophile-szalonban-2023-junius-7\\\/#primaryimage\"},\"thumbnailUrl\":\"https:\\\/\\\/djabe.hu\\\/wp-content\\\/uploads\\\/2023\\\/05\\\/Audiophile-Szalon-lemezbemutato_POST-NEW.jpg\",\"articleSection\":[\"Recommendatory\",\"News\"],\"inLanguage\":\"en-US\"},{\"@type\":\"WebPage\",\"@id\":\"https:\\\/\\\/djabe.hu\\\/djabe-art-in-tone-lemezbemutato-az-audiophile-szalonban-2023-junius-7\\\/\",\"url\":\"https:\\\/\\\/djabe.hu\\\/djabe-art-in-tone-lemezbemutato-az-audiophile-szalonban-2023-junius-7\\\/\",\"name\":\"Djabe - Art In Tone lemezbemutat\u00f3 az Audiophile Szalonban 2023. j\u00fanius 7. - Djabe\",\"isPartOf\":{\"@id\":\"https:\\\/\\\/djabe.hu\\\/en\\\/#website\"},\"primaryImageOfPage\":{\"@id\":\"https:\\\/\\\/djabe.hu\\\/djabe-art-in-tone-lemezbemutato-az-audiophile-szalonban-2023-junius-7\\\/#primaryimage\"},\"image\":{\"@id\":\"https:\\\/\\\/djabe.hu\\\/djabe-art-in-tone-lemezbemutato-az-audiophile-szalonban-2023-junius-7\\\/#primaryimage\"},\"thumbnailUrl\":\"https:\\\/\\\/djabe.hu\\\/wp-content\\\/uploads\\\/2023\\\/05\\\/Audiophile-Szalon-lemezbemutato_POST-NEW.jpg\",\"datePublished\":\"2023-05-31T08:19:30+00:00\",\"dateModified\":\"2023-05-31T08:22:10+00:00\",\"author\":{\"@id\":\"https:\\\/\\\/djabe.hu\\\/en\\\/#\\\/schema\\\/person\\\/aac056ee5c3fb7f3895d136b62ce10a0\"},\"breadcrumb\":{\"@id\":\"https:\\\/\\\/djabe.hu\\\/djabe-art-in-tone-lemezbemutato-az-audiophile-szalonban-2023-junius-7\\\/#breadcrumb\"},\"inLanguage\":\"en-US\",\"potentialAction\":[{\"@type\":\"ReadAction\",\"target\":[\"https:\\\/\\\/djabe.hu\\\/djabe-art-in-tone-lemezbemutato-az-audiophile-szalonban-2023-junius-7\\\/\"]}]},{\"@type\":\"ImageObject\",\"inLanguage\":\"en-US\",\"@id\":\"https:\\\/\\\/djabe.hu\\\/djabe-art-in-tone-lemezbemutato-az-audiophile-szalonban-2023-junius-7\\\/#primaryimage\",\"url\":\"https:\\\/\\\/djabe.hu\\\/wp-content\\\/uploads\\\/2023\\\/05\\\/Audiophile-Szalon-lemezbemutato_POST-NEW.jpg\",\"contentUrl\":\"https:\\\/\\\/djabe.hu\\\/wp-content\\\/uploads\\\/2023\\\/05\\\/Audiophile-Szalon-lemezbemutato_POST-NEW.jpg\",\"width\":1200,\"height\":1200},{\"@type\":\"BreadcrumbList\",\"@id\":\"https:\\\/\\\/djabe.hu\\\/djabe-art-in-tone-lemezbemutato-az-audiophile-szalonban-2023-junius-7\\\/#breadcrumb\",\"itemListElement\":[{\"@type\":\"ListItem\",\"position\":1,\"name\":\"Home\",\"item\":\"https:\\\/\\\/djabe.hu\\\/en\\\/\"},{\"@type\":\"ListItem\",\"position\":2,\"name\":\"Djabe &#8211; Art In Tone lemezbemutat\u00f3 az Audiophile Szalonban 2023. j\u00fanius 7.\"}]},{\"@type\":\"WebSite\",\"@id\":\"https:\\\/\\\/djabe.hu\\\/en\\\/#website\",\"url\":\"https:\\\/\\\/djabe.hu\\\/en\\\/\",\"name\":\"Djabe\",\"description\":\"Official site\",\"potentialAction\":[{\"@type\":\"SearchAction\",\"target\":{\"@type\":\"EntryPoint\",\"urlTemplate\":\"https:\\\/\\\/djabe.hu\\\/en\\\/?s={search_term_string}\"},\"query-input\":{\"@type\":\"PropertyValueSpecification\",\"valueRequired\":true,\"valueName\":\"search_term_string\"}}],\"inLanguage\":\"en-US\"},{\"@type\":\"Person\",\"@id\":\"https:\\\/\\\/djabe.hu\\\/en\\\/#\\\/schema\\\/person\\\/aac056ee5c3fb7f3895d136b62ce10a0\",\"name\":\"Zolt\u00e1n Kiss\",\"url\":\"https:\\\/\\\/djabe.hu\\\/en\\\/author\\\/djabeadmin\\\/\"}]}<\/script>\n<!-- \/ Yoast SEO plugin. -->","yoast_head_json":{"title":"Djabe - Art In Tone lemezbemutat\u00f3 az Audiophile Szalonban 2023. j\u00fanius 7. - Djabe","robots":{"index":"index","follow":"follow","max-snippet":"max-snippet:-1","max-image-preview":"max-image-preview:large","max-video-preview":"max-video-preview:-1"},"canonical":"https:\/\/djabe.hu\/djabe-art-in-tone-lemezbemutato-az-audiophile-szalonban-2023-junius-7\/","og_locale":"en_US","og_type":"article","og_title":"Djabe - Art In Tone lemezbemutat\u00f3 az Audiophile Szalonban 2023. j\u00fanius 7.","og_description":"[vc_row full_width=&#8221;stretch_row_content_no_spaces&#8221; content_placement=&#8221;middle&#8221; css=&#8221;.vc_custom_1636127896494{background-color: rgba(0,0,0,0.65) !important;*background-color: rgb(0,0,0) !important;}&#8221;][vc_column width=&#8221;1\/6&#8243; offset=&#8221;vc_hidden-xs&#8221;][\/vc_column][vc_column width=&#8221;2\/3&#8243;][vc_empty_space height=&#8221;30&#8243;][vc_column_text css_animation=&#8221;left-to-right&#8221;] Lemezbemutat\u00f3 el\u0151ad\u00e1sok id\u0151pontjai 10:30, 12:00, 14:30, 16:30","og_url":"https:\/\/djabe.hu\/djabe-art-in-tone-lemezbemutato-az-audiophile-szalonban-2023-junius-7\/","og_site_name":"Djabe","article_published_time":"2023-05-31T08:19:30+00:00","article_modified_time":"2023-05-31T08:22:10+00:00","og_image":[{"width":1200,"height":1200,"url":"https:\/\/djabe.hu\/wp-content\/uploads\/2023\/05\/Audiophile-Szalon-lemezbemutato_POST-NEW.jpg","type":"image\/jpeg"}],"author":"Zolt\u00e1n Kiss","twitter_card":"summary_large_image","twitter_title":"Djabe - Art In Tone lemezbemutat\u00f3 az Audiophile Szalonban 2023. j\u00fanius 7.","twitter_image":"https:\/\/djabe.hu\/wp-content\/uploads\/2023\/05\/Audiophile-Szalon-lemezbemutato_POST-NEW.jpg","twitter_misc":{"Written by":"Zolt\u00e1n Kiss","Est. reading time":"3 minutes"},"schema":{"@context":"https:\/\/schema.org","@graph":[{"@type":"Article","@id":"https:\/\/djabe.hu\/djabe-art-in-tone-lemezbemutato-az-audiophile-szalonban-2023-junius-7\/#article","isPartOf":{"@id":"https:\/\/djabe.hu\/djabe-art-in-tone-lemezbemutato-az-audiophile-szalonban-2023-junius-7\/"},"author":{"name":"Zolt\u00e1n Kiss","@id":"https:\/\/djabe.hu\/en\/#\/schema\/person\/aac056ee5c3fb7f3895d136b62ce10a0"},"headline":"Djabe &#8211; Art In Tone lemezbemutat\u00f3 az Audiophile Szalonban 2023. j\u00fanius 7.","datePublished":"2023-05-31T08:19:30+00:00","dateModified":"2023-05-31T08:22:10+00:00","mainEntityOfPage":{"@id":"https:\/\/djabe.hu\/djabe-art-in-tone-lemezbemutato-az-audiophile-szalonban-2023-junius-7\/"},"wordCount":1617,"image":{"@id":"https:\/\/djabe.hu\/djabe-art-in-tone-lemezbemutato-az-audiophile-szalonban-2023-junius-7\/#primaryimage"},"thumbnailUrl":"https:\/\/djabe.hu\/wp-content\/uploads\/2023\/05\/Audiophile-Szalon-lemezbemutato_POST-NEW.jpg","articleSection":["Recommendatory","News"],"inLanguage":"en-US"},{"@type":"WebPage","@id":"https:\/\/djabe.hu\/djabe-art-in-tone-lemezbemutato-az-audiophile-szalonban-2023-junius-7\/","url":"https:\/\/djabe.hu\/djabe-art-in-tone-lemezbemutato-az-audiophile-szalonban-2023-junius-7\/","name":"Djabe - Art In Tone lemezbemutat\u00f3 az Audiophile Szalonban 2023. j\u00fanius 7. - Djabe","isPartOf":{"@id":"https:\/\/djabe.hu\/en\/#website"},"primaryImageOfPage":{"@id":"https:\/\/djabe.hu\/djabe-art-in-tone-lemezbemutato-az-audiophile-szalonban-2023-junius-7\/#primaryimage"},"image":{"@id":"https:\/\/djabe.hu\/djabe-art-in-tone-lemezbemutato-az-audiophile-szalonban-2023-junius-7\/#primaryimage"},"thumbnailUrl":"https:\/\/djabe.hu\/wp-content\/uploads\/2023\/05\/Audiophile-Szalon-lemezbemutato_POST-NEW.jpg","datePublished":"2023-05-31T08:19:30+00:00","dateModified":"2023-05-31T08:22:10+00:00","author":{"@id":"https:\/\/djabe.hu\/en\/#\/schema\/person\/aac056ee5c3fb7f3895d136b62ce10a0"},"breadcrumb":{"@id":"https:\/\/djabe.hu\/djabe-art-in-tone-lemezbemutato-az-audiophile-szalonban-2023-junius-7\/#breadcrumb"},"inLanguage":"en-US","potentialAction":[{"@type":"ReadAction","target":["https:\/\/djabe.hu\/djabe-art-in-tone-lemezbemutato-az-audiophile-szalonban-2023-junius-7\/"]}]},{"@type":"ImageObject","inLanguage":"en-US","@id":"https:\/\/djabe.hu\/djabe-art-in-tone-lemezbemutato-az-audiophile-szalonban-2023-junius-7\/#primaryimage","url":"https:\/\/djabe.hu\/wp-content\/uploads\/2023\/05\/Audiophile-Szalon-lemezbemutato_POST-NEW.jpg","contentUrl":"https:\/\/djabe.hu\/wp-content\/uploads\/2023\/05\/Audiophile-Szalon-lemezbemutato_POST-NEW.jpg","width":1200,"height":1200},{"@type":"BreadcrumbList","@id":"https:\/\/djabe.hu\/djabe-art-in-tone-lemezbemutato-az-audiophile-szalonban-2023-junius-7\/#breadcrumb","itemListElement":[{"@type":"ListItem","position":1,"name":"Home","item":"https:\/\/djabe.hu\/en\/"},{"@type":"ListItem","position":2,"name":"Djabe &#8211; Art In Tone lemezbemutat\u00f3 az Audiophile Szalonban 2023. j\u00fanius 7."}]},{"@type":"WebSite","@id":"https:\/\/djabe.hu\/en\/#website","url":"https:\/\/djabe.hu\/en\/","name":"Djabe","description":"Official site","potentialAction":[{"@type":"SearchAction","target":{"@type":"EntryPoint","urlTemplate":"https:\/\/djabe.hu\/en\/?s={search_term_string}"},"query-input":{"@type":"PropertyValueSpecification","valueRequired":true,"valueName":"search_term_string"}}],"inLanguage":"en-US"},{"@type":"Person","@id":"https:\/\/djabe.hu\/en\/#\/schema\/person\/aac056ee5c3fb7f3895d136b62ce10a0","name":"Zolt\u00e1n Kiss","url":"https:\/\/djabe.hu\/en\/author\/djabeadmin\/"}]}},"jetpack_featured_media_url":"https:\/\/djabe.hu\/wp-content\/uploads\/2023\/05\/Audiophile-Szalon-lemezbemutato_POST-NEW.jpg","jetpack_sharing_enabled":true,"_links":{"self":[{"href":"https:\/\/djabe.hu\/en\/wp-json\/wp\/v2\/posts\/10037","targetHints":{"allow":["GET"]}}],"collection":[{"href":"https:\/\/djabe.hu\/en\/wp-json\/wp\/v2\/posts"}],"about":[{"href":"https:\/\/djabe.hu\/en\/wp-json\/wp\/v2\/types\/post"}],"author":[{"embeddable":true,"href":"https:\/\/djabe.hu\/en\/wp-json\/wp\/v2\/users\/2"}],"replies":[{"embeddable":true,"href":"https:\/\/djabe.hu\/en\/wp-json\/wp\/v2\/comments?post=10037"}],"version-history":[{"count":3,"href":"https:\/\/djabe.hu\/en\/wp-json\/wp\/v2\/posts\/10037\/revisions"}],"predecessor-version":[{"id":10041,"href":"https:\/\/djabe.hu\/en\/wp-json\/wp\/v2\/posts\/10037\/revisions\/10041"}],"wp:featuredmedia":[{"embeddable":true,"href":"https:\/\/djabe.hu\/en\/wp-json\/wp\/v2\/media\/10039"}],"wp:attachment":[{"href":"https:\/\/djabe.hu\/en\/wp-json\/wp\/v2\/media?parent=10037"}],"wp:term":[{"taxonomy":"category","embeddable":true,"href":"https:\/\/djabe.hu\/en\/wp-json\/wp\/v2\/categories?post=10037"},{"taxonomy":"post_tag","embeddable":true,"href":"https:\/\/djabe.hu\/en\/wp-json\/wp\/v2\/tags?post=10037"}],"curies":[{"name":"wp","href":"https:\/\/api.w.org\/{rel}","templated":true}]}}